{"id":686,"date":"2020-08-19T17:58:19","date_gmt":"2020-08-19T20:58:19","guid":{"rendered":"https:\/\/ens3-mis.infd.edu.ar\/sitio\/?p=686"},"modified":"2020-08-19T18:38:11","modified_gmt":"2020-08-19T21:38:11","slug":"bienvenidos-al-profesorado","status":"publish","type":"post","link":"https:\/\/ens3-mis.infd.edu.ar\/sitio\/bienvenidos-al-profesorado\/","title":{"rendered":"PROFESORADO DE EDUCACI\u00d3N PRIMARIA Y ESPECIAL"},"content":{"rendered":"<p>&nbsp;<\/p>\n<p>&nbsp;<\/p>\n<p><img decoding=\"async\" loading=\"lazy\" class=\"wp-image-687 alignright\" src=\"https:\/\/ens3-mis.infd.edu.ar\/sitio\/wp-content\/uploads\/2020\/08\/isfd.jpeg\" alt=\"\" width=\"141\" height=\"141\" \/>El Instituto de Formaci\u00f3n Docente de la Escuela Normal Superior N\u00b03 \u00abJos\u00e9 Manuel Estrada\u00bb de Puerto Rico, Misiones; tiene como oferta acad\u00e9mica las siguientes carreras:<br \/>\n&#8211; Profesorado de Educaci\u00f3n Especial con Orientaci\u00f3n en Discapacidad Intelectual.<br \/>\n&#8211; Profesorado de Educaci\u00f3n Primaria.<br \/>\nNuestra propuesta educativa pretende formar Docentes comprometidos con la Inclusi\u00f3n Educativa como resultado de un trabajo articulado del Campo de la Pr\u00e1ctica en los dos Profesorados durante los cuatro a\u00f1os de Formaci\u00f3n.<\/p>\n<p><a href=\"https:\/\/www.facebook.com\/ISFDNormal3\">https:\/\/www.facebook.com\/ISFDNormal3<\/a><a href=\"http:\/\/www.facebook.com\/ISFDNormal3\">Facebook ISFD Normal 3<\/a><\/p>\n<p>&nbsp;<\/p>\n<p><a href=\"http:\/\/des.cge.misiones.gob.ar\/\">Vencejo &#8211; Sistema de Gesti\u00f3n Institucional<\/a><\/p>\n<p><img decoding=\"async\" loading=\"lazy\" class=\"wp-image-698 aligncenter\" src=\"https:\/\/ens3-mis.infd.edu.ar\/sitio\/wp-content\/uploads\/2020\/08\/WhatsApp-Image-2020-08-04-at-19.55.52-3-750x1000.jpeg\" alt=\"\" width=\"166\" height=\"222\" srcset=\"https:\/\/ens3-mis.infd.edu.ar\/sitio\/wp-content\/uploads\/2020\/08\/WhatsApp-Image-2020-08-04-at-19.55.52-3-750x1000.jpeg 750w, https:\/\/ens3-mis.infd.edu.ar\/sitio\/wp-content\/uploads\/2020\/08\/WhatsApp-Image-2020-08-04-at-19.55.52-3-768x1024.jpeg 768w, https:\/\/ens3-mis.infd.edu.ar\/sitio\/wp-content\/uploads\/2020\/08\/WhatsApp-Image-2020-08-04-at-19.55.52-3.jpeg 864w\" sizes=\"(max-width: 166px) 100vw, 166px\" \/><\/p>\n<p><img decoding=\"async\" loading=\"lazy\" class=\"wp-image-700 aligncenter\" src=\"https:\/\/ens3-mis.infd.edu.ar\/sitio\/wp-content\/uploads\/2020\/08\/WhatsApp-Image-2020-08-04-at-19.55.52.jpeg\" alt=\"\" width=\"207\" height=\"207\" \/>\u00a0<img decoding=\"async\" loading=\"lazy\" class=\"wp-image-696 aligncenter\" src=\"https:\/\/ens3-mis.infd.edu.ar\/sitio\/wp-content\/uploads\/2020\/08\/WhatsApp-Image-2020-08-04-at-19.55.52-1-1000x750.jpeg\" alt=\"\" width=\"202\" height=\"152\" srcset=\"https:\/\/ens3-mis.infd.edu.ar\/sitio\/wp-content\/uploads\/2020\/08\/WhatsApp-Image-2020-08-04-at-19.55.52-1-1000x750.jpeg 1000w, https:\/\/ens3-mis.infd.edu.ar\/sitio\/wp-content\/uploads\/2020\/08\/WhatsApp-Image-2020-08-04-at-19.55.52-1-768x576.jpeg 768w, https:\/\/ens3-mis.infd.edu.ar\/sitio\/wp-content\/uploads\/2020\/08\/WhatsApp-Image-2020-08-04-at-19.55.52-1.jpeg 1152w\" sizes=\"(max-width: 202px) 100vw, 202px\" \/><\/p>\n<p><img decoding=\"async\" loading=\"lazy\" class=\"wp-image-697 aligncenter\" src=\"https:\/\/ens3-mis.infd.edu.ar\/sitio\/wp-content\/uploads\/2020\/08\/WhatsApp-Image-2020-08-04-at-19.55.52-2-1000x750.jpeg\" alt=\"\" width=\"223\" height=\"167\" srcset=\"https:\/\/ens3-mis.infd.edu.ar\/sitio\/wp-content\/uploads\/2020\/08\/WhatsApp-Image-2020-08-04-at-19.55.52-2-1000x750.jpeg 1000w, https:\/\/ens3-mis.infd.edu.ar\/sitio\/wp-content\/uploads\/2020\/08\/WhatsApp-Image-2020-08-04-at-19.55.52-2-768x576.jpeg 768w, https:\/\/ens3-mis.infd.edu.ar\/sitio\/wp-content\/uploads\/2020\/08\/WhatsApp-Image-2020-08-04-at-19.55.52-2.jpeg 1280w\" sizes=\"(max-width: 223px) 100vw, 223px\" \/><\/p>\n<p>&nbsp;<\/p>\n<p>&nbsp;<\/p>\n","protected":false},"excerpt":{"rendered":"<p>&nbsp; &nbsp; El Instituto de Formaci\u00f3n Docente de la Escuela Normal Superior N\u00b03 \u00abJos\u00e9 Manuel Estrada\u00bb de Puerto Rico, Misiones; tiene como oferta acad\u00e9mica las siguientes carreras: &#8211; Profesorado de Educaci\u00f3n Especial con Orientaci\u00f3n en Discapacidad Intelectual. &#8211; Profesorado de Educaci\u00f3n Primaria. Nuestra propuesta educativa pretende formar Docentes comprometidos con la Inclusi\u00f3n Educativa como resultado &#8230; <a title=\"PROFESORADO DE EDUCACI\u00d3N PRIMARIA Y ESPECIAL\" class=\"read-more\" href=\"https:\/\/ens3-mis.infd.edu.ar\/sitio\/bienvenidos-al-profesorado\/\" aria-label=\"More on PROFESORADO DE EDUCACI\u00d3N PRIMARIA Y ESPECIAL\">[+]<\/a><\/p>\n","protected":false},"author":9,"featured_media":0,"comment_status":"open","ping_status":"open","sticky":false,"template":"","format":"standard","meta":[],"categories":[1],"tags":[],"acf":[],"_links":{"self":[{"href":"https:\/\/ens3-mis.infd.edu.ar\/sitio\/wp-json\/wp\/v2\/posts\/686"}],"collection":[{"href":"https:\/\/ens3-mis.infd.edu.ar\/sitio\/wp-json\/wp\/v2\/posts"}],"about":[{"href":"https:\/\/ens3-mis.infd.edu.ar\/sitio\/wp-json\/wp\/v2\/types\/post"}],"author":[{"embeddable":true,"href":"https:\/\/ens3-mis.infd.edu.ar\/sitio\/wp-json\/wp\/v2\/users\/9"}],"replies":[{"embeddable":true,"href":"https:\/\/ens3-mis.infd.edu.ar\/sitio\/wp-json\/wp\/v2\/comments?post=686"}],"version-history":[{"count":6,"href":"https:\/\/ens3-mis.infd.edu.ar\/sitio\/wp-json\/wp\/v2\/posts\/686\/revisions"}],"predecessor-version":[{"id":723,"href":"https:\/\/ens3-mis.infd.edu.ar\/sitio\/wp-json\/wp\/v2\/posts\/686\/revisions\/723"}],"wp:attachment":[{"href":"https:\/\/ens3-mis.infd.edu.ar\/sitio\/wp-json\/wp\/v2\/media?parent=686"}],"wp:term":[{"taxonomy":"category","embeddable":true,"href":"https:\/\/ens3-mis.infd.edu.ar\/sitio\/wp-json\/wp\/v2\/categories?post=686"},{"taxonomy":"post_tag","embeddable":true,"href":"https:\/\/ens3-mis.infd.edu.ar\/sitio\/wp-json\/wp\/v2\/tags?post=686"}],"curies":[{"name":"wp","href":"https:\/\/api.w.org\/{rel}","templated":true}]}}