{"id":719,"date":"2024-11-06T20:58:51","date_gmt":"2024-11-06T23:58:51","guid":{"rendered":"https:\/\/ens3-mis.infd.edu.ar\/sitio\/?p=719"},"modified":"2024-11-06T20:58:53","modified_gmt":"2024-11-06T23:58:53","slug":"isfd-jose-manuel-estrada","status":"publish","type":"post","link":"https:\/\/ens3-mis.infd.edu.ar\/sitio\/isfd-jose-manuel-estrada\/","title":{"rendered":"ISFD \u00abJos\u00e9 Manuel Estrada\u00bb"},"content":{"rendered":"\n<p>Profesorado en Educaci\u00f3n Primaria <\/p>\n\n\n\n<p>Profesorado en Educaci\u00f3n Especial con Orientaci\u00f3n en discapacidad  Intelectual<\/p>\n\n\n\n<figure class=\"wp-block-image size-full\"><img decoding=\"async\" loading=\"lazy\" width=\"960\" height=\"720\" src=\"https:\/\/ens3-mis.infd.edu.ar\/sitio\/wp-content\/uploads\/2024\/11\/foto-escuela-1.jpg\" alt=\"\" class=\"wp-image-720\" srcset=\"https:\/\/ens3-mis.infd.edu.ar\/sitio\/wp-content\/uploads\/2024\/11\/foto-escuela-1.jpg 960w, https:\/\/ens3-mis.infd.edu.ar\/sitio\/wp-content\/uploads\/2024\/11\/foto-escuela-1-768x576.jpg 768w\" sizes=\"(max-width: 960px) 100vw, 960px\" \/><\/figure>\n","protected":false},"excerpt":{"rendered":"<p>Profesorado en Educaci\u00f3n Primaria Profesorado en Educaci\u00f3n Especial con Orientaci\u00f3n en discapacidad Intelectual<\/p>\n","protected":false},"author":9,"featured_media":0,"comment_status":"open","ping_status":"open","sticky":false,"template":"","format":"standard","meta":[],"categories":[1],"tags":[],"acf":[],"_links":{"self":[{"href":"https:\/\/ens3-mis.infd.edu.ar\/sitio\/wp-json\/wp\/v2\/posts\/719"}],"collection":[{"href":"https:\/\/ens3-mis.infd.edu.ar\/sitio\/wp-json\/wp\/v2\/posts"}],"about":[{"href":"https:\/\/ens3-mis.infd.edu.ar\/sitio\/wp-json\/wp\/v2\/types\/post"}],"author":[{"embeddable":true,"href":"https:\/\/ens3-mis.infd.edu.ar\/sitio\/wp-json\/wp\/v2\/users\/9"}],"replies":[{"embeddable":true,"href":"https:\/\/ens3-mis.infd.edu.ar\/sitio\/wp-json\/wp\/v2\/comments?post=719"}],"version-history":[{"count":1,"href":"https:\/\/ens3-mis.infd.edu.ar\/sitio\/wp-json\/wp\/v2\/posts\/719\/revisions"}],"predecessor-version":[{"id":721,"href":"https:\/\/ens3-mis.infd.edu.ar\/sitio\/wp-json\/wp\/v2\/posts\/719\/revisions\/721"}],"wp:attachment":[{"href":"https:\/\/ens3-mis.infd.edu.ar\/sitio\/wp-json\/wp\/v2\/media?parent=719"}],"wp:term":[{"taxonomy":"category","embeddable":true,"href":"https:\/\/ens3-mis.infd.edu.ar\/sitio\/wp-json\/wp\/v2\/categories?post=719"},{"taxonomy":"post_tag","embeddable":true,"href":"https:\/\/ens3-mis.infd.edu.ar\/sitio\/wp-json\/wp\/v2\/tags?post=719"}],"curies":[{"name":"wp","href":"https:\/\/api.w.org\/{rel}","templated":true}]}}